{"id":2921,"date":"2010-08-08T17:06:57","date_gmt":"2010-08-08T17:06:57","guid":{"rendered":"http:\/\/madresypadres.wordpress.com\/?p=2921"},"modified":"2010-08-08T17:06:57","modified_gmt":"2010-08-08T17:06:57","slug":"la-musica-y-el-reciclaje","status":"publish","type":"post","link":"https:\/\/blogs.adosclicks.net\/myp\/2010\/08\/08\/la-musica-y-el-reciclaje\/","title":{"rendered":"La m\u00fasica y el reciclaje"},"content":{"rendered":"<p>Gracias a la m\u00fasica y a la entrega de algunas personas se puede mejorar el futuro de muchas familias que no tienen recursos.<\/p>\n<p><strong>Luis Szar\u00e1n<\/strong>, director de orquesta, compositor y music\u00f3logo present\u00f3 en <a title=\"TEDx Pura Vida 2010\" href=\"http:\/\/www.tedxpuravida.org\/\" target=\"_blank\" rel=\"noopener\"><strong>TEDx Pura Vida<\/strong> <strong>2010 (Costa Rica)<\/strong><\/a> el poyecto social que est\u00e1n llevando a cabo en poblaciones de pocos recursos para mejorar su situaci\u00f3n social y comunitaria.<\/p>\n<p>El proyecto se llama <strong>Sonidos de la Tierra<\/strong> y est\u00e1 orientado a ni\u00f1@s y j\u00f3venes de escasos recursos a los que adem\u00e1s de ense\u00f1arles m\u00fasica, se les ense\u00f1a tambi\u00e9n c\u00f3mo fabricar y vender nstrumentos de cuerda y viento.<\/p>\n<p>La creaci\u00f3n de los instrumentos tiene la particularidad de que los materiales que utilizan son de desecho (latas, chapas, sartenes, tenedores&#8230;) y suenan tan bien como los realizados con materiales nobles.<\/p>\n<p>Con todo esto no s\u00f3lo ha mejorado la vida de l@s estudiantes, sino que tambi\u00e9n han resultado beneficiadas sus comunidades.<\/p>\n<p>[youtube=http:\/\/www.youtube.com\/watch?v=amFiZtvNWMk&amp;feature=player_embedded]<\/p>\n<p>Fuente: <a title=\"web &quot;Reciclando en espiral&quot;\" href=\"http:\/\/reciclandoenespiral.com\/blogreciclaje\/2010\/03\/tedx-pura-vida-2010-melodias-de-la-basura\/\" target=\"_blank\" rel=\"noopener\"><strong>Reciclando en espiral<\/strong><\/a><\/p>\n","protected":false},"excerpt":{"rendered":"<p>Gracias a la m\u00fasica y a la entrega de algunas personas se puede mejorar el futuro de muchas familias que no tienen recursos. Luis Szar\u00e1n, director de orquesta, compositor y music\u00f3logo present\u00f3 en TEDx Pura Vida 2010 (Costa Rica) el<\/p>\n","protected":false},"author":24,"featured_media":0,"comment_status":"open","ping_status":"open","sticky":false,"template":"","format":"standard","meta":{"footnotes":""},"categories":[4139,4157,4143,4149],"tags":[],"class_list":["post-2921","post","type-post","status-publish","format-standard","hentry","category-actualidad","category-educacion","category-reciclar","category-videos"],"_links":{"self":[{"href":"https:\/\/blogs.adosclicks.net\/myp\/wp-json\/wp\/v2\/posts\/2921","targetHints":{"allow":["GET"]}}],"collection":[{"href":"https:\/\/blogs.adosclicks.net\/myp\/wp-json\/wp\/v2\/posts"}],"about":[{"href":"https:\/\/blogs.adosclicks.net\/myp\/wp-json\/wp\/v2\/types\/post"}],"author":[{"embeddable":true,"href":"https:\/\/blogs.adosclicks.net\/myp\/wp-json\/wp\/v2\/users\/24"}],"replies":[{"embeddable":true,"href":"https:\/\/blogs.adosclicks.net\/myp\/wp-json\/wp\/v2\/comments?post=2921"}],"version-history":[{"count":0,"href":"https:\/\/blogs.adosclicks.net\/myp\/wp-json\/wp\/v2\/posts\/2921\/revisions"}],"wp:attachment":[{"href":"https:\/\/blogs.adosclicks.net\/myp\/wp-json\/wp\/v2\/media?parent=2921"}],"wp:term":[{"taxonomy":"category","embeddable":true,"href":"https:\/\/blogs.adosclicks.net\/myp\/wp-json\/wp\/v2\/categories?post=2921"},{"taxonomy":"post_tag","embeddable":true,"href":"https:\/\/blogs.adosclicks.net\/myp\/wp-json\/wp\/v2\/tags?post=2921"}],"curies":[{"name":"wp","href":"https:\/\/api.w.org\/{rel}","templated":true}]}}