{"id":6562,"date":"2012-03-03T17:00:54","date_gmt":"2012-03-03T17:00:54","guid":{"rendered":"http:\/\/blogs.adosclicks.net\/sites\/madresypadres\/?p=6562"},"modified":"2012-03-03T17:00:54","modified_gmt":"2012-03-03T17:00:54","slug":"pequeno-florero","status":"publish","type":"post","link":"https:\/\/blogs.adosclicks.net\/myp\/2012\/03\/03\/pequeno-florero\/","title":{"rendered":"Peque\u00f1o florero"},"content":{"rendered":"<p><a href=\"http:\/\/3.bp.blogspot.com\/-lPSlIoGLovI\/T0KICbEV-lI\/AAAAAAAAHkE\/Sy3WD5zSIDM\/s400\/wine%2Bcork%2Bvase%2B3.jpg\"><img loading=\"lazy\" decoding=\"async\" class=\"alignnone\" src=\"http:\/\/3.bp.blogspot.com\/-lPSlIoGLovI\/T0KICbEV-lI\/AAAAAAAAHkE\/Sy3WD5zSIDM\/s400\/wine%2Bcork%2Bvase%2B3.jpg\" alt=\"Varios claveles dentro de un corcho-florero.\" width=\"192\" height=\"280\" \/><\/a><\/p>\n<p><span style=\"color: #333300\">Ya v\u00e9is como es posible crear detalles con casi cualquier cosa. Aqu\u00ed ten\u00e9is un florero que no ocupa espacio, que da un nuevo uso a un corcho y que es econ\u00f3mico. <\/span><\/p>\n<p><span style=\"color: #333300\">Seguro que alegrar\u00e1 la cara de quien lo reciba<\/span>.<span style=\"color: #333300\"> La idea la encontrar\u00e9is en <a title=\"Florero de corcho\" href=\"http:\/\/zakkalife.blogspot.com\/2012\/02\/craft-wine-cork-vase.html\" target=\"_blank\" rel=\"noopener\"><strong>Zakka life<\/strong><\/a>.<\/span><\/p>\n","protected":false},"excerpt":{"rendered":"<p>Ya v\u00e9is como es posible crear detalles con casi cualquier cosa. Aqu\u00ed ten\u00e9is un florero que no ocupa espacio, que da un nuevo uso a un corcho y que es econ\u00f3mico. Seguro que alegrar\u00e1 la cara de quien lo reciba.<\/p>\n","protected":false},"author":24,"featured_media":0,"comment_status":"open","ping_status":"open","sticky":false,"template":"","format":"standard","meta":{"footnotes":""},"categories":[4139,12,4166,4184,4163,4143,4185],"tags":[],"class_list":["post-6562","post","type-post","status-publish","format-standard","hentry","category-actualidad","category-amistad","category-dia-de-la-madre","category-dia-del-padre","category-flores","category-reciclar","category-regalos"],"_links":{"self":[{"href":"https:\/\/blogs.adosclicks.net\/myp\/wp-json\/wp\/v2\/posts\/6562","targetHints":{"allow":["GET"]}}],"collection":[{"href":"https:\/\/blogs.adosclicks.net\/myp\/wp-json\/wp\/v2\/posts"}],"about":[{"href":"https:\/\/blogs.adosclicks.net\/myp\/wp-json\/wp\/v2\/types\/post"}],"author":[{"embeddable":true,"href":"https:\/\/blogs.adosclicks.net\/myp\/wp-json\/wp\/v2\/users\/24"}],"replies":[{"embeddable":true,"href":"https:\/\/blogs.adosclicks.net\/myp\/wp-json\/wp\/v2\/comments?post=6562"}],"version-history":[{"count":0,"href":"https:\/\/blogs.adosclicks.net\/myp\/wp-json\/wp\/v2\/posts\/6562\/revisions"}],"wp:attachment":[{"href":"https:\/\/blogs.adosclicks.net\/myp\/wp-json\/wp\/v2\/media?parent=6562"}],"wp:term":[{"taxonomy":"category","embeddable":true,"href":"https:\/\/blogs.adosclicks.net\/myp\/wp-json\/wp\/v2\/categories?post=6562"},{"taxonomy":"post_tag","embeddable":true,"href":"https:\/\/blogs.adosclicks.net\/myp\/wp-json\/wp\/v2\/tags?post=6562"}],"curies":[{"name":"wp","href":"https:\/\/api.w.org\/{rel}","templated":true}]}}